{"@context":"https:\/\/schema.org\/","@type":"CollectionPage","@id":"https:\/\/www.soriano.cz\/hobby\/#CollectionPage","headline":"Hobby Category","description":"","url":"https:\/\/www.soriano.cz\/hobby\/","hasPart":[{"@type":"Article","@id":"https:\/\/www.soriano.cz\/malovani-na-hedvabne-satky-a-jine-doplnky-je-prijemnym-odreagovanim\/","headline":"Malov\u00e1n\u00ed na hedv\u00e1bn\u00e9 \u0161\u00e1tky a jin\u00e9 dopl\u0148ky je p\u0159\u00edjemn\u00fdm odreagov\u00e1n\u00edm","url":"https:\/\/www.soriano.cz\/malovani-na-hedvabne-satky-a-jine-doplnky-je-prijemnym-odreagovanim\/","datePublished":"2025-03-05","dateModified":"2023-05-01","mainEntityOfPage":"https:\/\/www.soriano.cz\/malovani-na-hedvabne-satky-a-jine-doplnky-je-prijemnym-odreagovanim\/","author":{"@type":"Person","@id":"https:\/\/www.soriano.cz\/author\/#Person","name":"soriano.cz\n","url":"https:\/\/www.soriano.cz\/author\/","identifier":1,"image":{"@type":"ImageObject","@id":"https:\/\/secure.gravatar.com\/avatar\/d377e0490a87620b11de21ad8824e89a7cfe705f8d1d0508828fda84a9262785?s=96&d=mm&r=g","url":"https:\/\/secure.gravatar.com\/avatar\/d377e0490a87620b11de21ad8824e89a7cfe705f8d1d0508828fda84a9262785?s=96&d=mm&r=g","height":96,"width":96}},"publisher":{"@type":"Organization","name":"soriano.cz","logo":{"@type":"ImageObject","@id":"\/logo.png","url":"\/logo.png","width":600,"height":60}},"image":{"@type":"ImageObject","@id":"https:\/\/www.soriano.cz\/wp-content\/uploads\/img_a295373_w2203_t1506782527.jpg","url":"https:\/\/www.soriano.cz\/wp-content\/uploads\/img_a295373_w2203_t1506782527.jpg","height":0,"width":0},"keywords":null},{"@type":"Article","@id":"https:\/\/www.soriano.cz\/vyroba-jarnich-dekoraci\/","headline":"V\u00fdroba jarn\u00edch dekorac\u00ed","url":"https:\/\/www.soriano.cz\/vyroba-jarnich-dekoraci\/","datePublished":"2025-03-04","dateModified":"2023-05-01","mainEntityOfPage":"https:\/\/www.soriano.cz\/vyroba-jarnich-dekoraci\/","author":{"@type":"Person","@id":"https:\/\/www.soriano.cz\/author\/#Person","name":"soriano.cz\n","url":"https:\/\/www.soriano.cz\/author\/","identifier":1,"image":{"@type":"ImageObject","@id":"https:\/\/secure.gravatar.com\/avatar\/d377e0490a87620b11de21ad8824e89a7cfe705f8d1d0508828fda84a9262785?s=96&d=mm&r=g","url":"https:\/\/secure.gravatar.com\/avatar\/d377e0490a87620b11de21ad8824e89a7cfe705f8d1d0508828fda84a9262785?s=96&d=mm&r=g","height":96,"width":96}},"publisher":{"@type":"Organization","name":"soriano.cz","logo":{"@type":"ImageObject","@id":"\/logo.png","url":"\/logo.png","width":600,"height":60}},"image":{"@type":"ImageObject","@id":"https:\/\/www.soriano.cz\/wp-content\/uploads\/img_a341374_w2203_t1554029035.jpg","url":"https:\/\/www.soriano.cz\/wp-content\/uploads\/img_a341374_w2203_t1554029035.jpg","height":0,"width":0},"keywords":null},{"@type":"Article","@id":"https:\/\/www.soriano.cz\/domacimu-stesti-se-dari-i-ve-stinu\/","headline":"Dom\u00e1c\u00edmu \u0161t\u011bst\u00ed se da\u0159\u00ed i ve st\u00ednu","url":"https:\/\/www.soriano.cz\/domacimu-stesti-se-dari-i-ve-stinu\/","datePublished":"2025-03-03","dateModified":"2023-05-01","mainEntityOfPage":"https:\/\/www.soriano.cz\/domacimu-stesti-se-dari-i-ve-stinu\/","author":{"@type":"Person","@id":"https:\/\/www.soriano.cz\/author\/#Person","name":"soriano.cz\n","url":"https:\/\/www.soriano.cz\/author\/","identifier":1,"image":{"@type":"ImageObject","@id":"https:\/\/secure.gravatar.com\/avatar\/d377e0490a87620b11de21ad8824e89a7cfe705f8d1d0508828fda84a9262785?s=96&d=mm&r=g","url":"https:\/\/secure.gravatar.com\/avatar\/d377e0490a87620b11de21ad8824e89a7cfe705f8d1d0508828fda84a9262785?s=96&d=mm&r=g","height":96,"width":96}},"publisher":{"@type":"Organization","name":"soriano.cz","logo":{"@type":"ImageObject","@id":"\/logo.png","url":"\/logo.png","width":600,"height":60}},"image":{"@type":"ImageObject","@id":"https:\/\/www.soriano.cz\/wp-content\/uploads\/img_a327017_w2203_t1539244973.jpg","url":"https:\/\/www.soriano.cz\/wp-content\/uploads\/img_a327017_w2203_t1539244973.jpg","height":0,"width":0},"keywords":null},{"@type":"Article","@id":"https:\/\/www.soriano.cz\/agarthane-baje-nebo-skutecna-historie\/","headline":"Agar\u0165han\u00e9 &#8211; b\u00e1je nebo skute\u010dn\u00e1 historie?","url":"https:\/\/www.soriano.cz\/agarthane-baje-nebo-skutecna-historie\/","datePublished":"2025-03-01","dateModified":"2023-05-01","mainEntityOfPage":"https:\/\/www.soriano.cz\/agarthane-baje-nebo-skutecna-historie\/","author":{"@type":"Person","@id":"https:\/\/www.soriano.cz\/author\/#Person","name":"soriano.cz\n","url":"https:\/\/www.soriano.cz\/author\/","identifier":1,"image":{"@type":"ImageObject","@id":"https:\/\/secure.gravatar.com\/avatar\/d377e0490a87620b11de21ad8824e89a7cfe705f8d1d0508828fda84a9262785?s=96&d=mm&r=g","url":"https:\/\/secure.gravatar.com\/avatar\/d377e0490a87620b11de21ad8824e89a7cfe705f8d1d0508828fda84a9262785?s=96&d=mm&r=g","height":96,"width":96}},"publisher":{"@type":"Organization","name":"soriano.cz","logo":{"@type":"ImageObject","@id":"\/logo.png","url":"\/logo.png","width":600,"height":60}},"image":{"@type":"ImageObject","@id":"https:\/\/www.soriano.cz\/wp-content\/uploads\/img_a304075_w2203_t1515063490.png","url":"https:\/\/www.soriano.cz\/wp-content\/uploads\/img_a304075_w2203_t1515063490.png","height":0,"width":0},"keywords":null},{"@type":"Article","@id":"https:\/\/www.soriano.cz\/damy-chlap-vzdycky-pozna-ze-se-vam-libi\/","headline":"D\u00e1my, chlap v\u017edycky pozn\u00e1, \u017ee se v\u00e1m l\u00edb\u00ed!","url":"https:\/\/www.soriano.cz\/damy-chlap-vzdycky-pozna-ze-se-vam-libi\/","datePublished":"2025-03-01","dateModified":"2023-05-01","mainEntityOfPage":"https:\/\/www.soriano.cz\/damy-chlap-vzdycky-pozna-ze-se-vam-libi\/","author":{"@type":"Person","@id":"https:\/\/www.soriano.cz\/author\/#Person","name":"soriano.cz\n","url":"https:\/\/www.soriano.cz\/author\/","identifier":1,"image":{"@type":"ImageObject","@id":"https:\/\/secure.gravatar.com\/avatar\/d377e0490a87620b11de21ad8824e89a7cfe705f8d1d0508828fda84a9262785?s=96&d=mm&r=g","url":"https:\/\/secure.gravatar.com\/avatar\/d377e0490a87620b11de21ad8824e89a7cfe705f8d1d0508828fda84a9262785?s=96&d=mm&r=g","height":96,"width":96}},"publisher":{"@type":"Organization","name":"soriano.cz","logo":{"@type":"ImageObject","@id":"\/logo.png","url":"\/logo.png","width":600,"height":60}},"image":{"@type":"ImageObject","@id":"https:\/\/www.soriano.cz\/wp-content\/uploads\/img_a298985_w2203_t1509099797.jpg","url":"https:\/\/www.soriano.cz\/wp-content\/uploads\/img_a298985_w2203_t1509099797.jpg","height":0,"width":0},"keywords":null},{"@type":"Article","@id":"https:\/\/www.soriano.cz\/odchazeni-ze-sceny\/","headline":"Odch\u00e1zen\u00ed ze sc\u00e9ny?","url":"https:\/\/www.soriano.cz\/odchazeni-ze-sceny\/","datePublished":"2025-02-28","dateModified":"2023-05-01","mainEntityOfPage":"https:\/\/www.soriano.cz\/odchazeni-ze-sceny\/","author":{"@type":"Person","@id":"https:\/\/www.soriano.cz\/author\/#Person","name":"soriano.cz\n","url":"https:\/\/www.soriano.cz\/author\/","identifier":1,"image":{"@type":"ImageObject","@id":"https:\/\/secure.gravatar.com\/avatar\/d377e0490a87620b11de21ad8824e89a7cfe705f8d1d0508828fda84a9262785?s=96&d=mm&r=g","url":"https:\/\/secure.gravatar.com\/avatar\/d377e0490a87620b11de21ad8824e89a7cfe705f8d1d0508828fda84a9262785?s=96&d=mm&r=g","height":96,"width":96}},"publisher":{"@type":"Organization","name":"soriano.cz","logo":{"@type":"ImageObject","@id":"\/logo.png","url":"\/logo.png","width":600,"height":60}},"image":{"@type":"ImageObject","@id":"https:\/\/www.soriano.cz\/wp-content\/uploads\/img_a306468_w2203_t1517819752.jpg","url":"https:\/\/www.soriano.cz\/wp-content\/uploads\/img_a306468_w2203_t1517819752.jpg","height":0,"width":0},"keywords":null},{"@type":"Article","@id":"https:\/\/www.soriano.cz\/mirite-na-slovenske-hory-vite-kam-vyrazit-s-rodinou-my-ano\/","headline":"M\u00ed\u0159\u00edte na slovensk\u00e9 hory? V\u00edte, kam vyrazit s rodinou? My ano!","url":"https:\/\/www.soriano.cz\/mirite-na-slovenske-hory-vite-kam-vyrazit-s-rodinou-my-ano\/","datePublished":"2019-03-25","dateModified":"2023-05-01","mainEntityOfPage":"https:\/\/www.soriano.cz\/mirite-na-slovenske-hory-vite-kam-vyrazit-s-rodinou-my-ano\/","author":{"@type":"Person","@id":"https:\/\/www.soriano.cz\/author\/#Person","name":"soriano.cz\n","url":"https:\/\/www.soriano.cz\/author\/","identifier":1,"image":{"@type":"ImageObject","@id":"https:\/\/secure.gravatar.com\/avatar\/d377e0490a87620b11de21ad8824e89a7cfe705f8d1d0508828fda84a9262785?s=96&d=mm&r=g","url":"https:\/\/secure.gravatar.com\/avatar\/d377e0490a87620b11de21ad8824e89a7cfe705f8d1d0508828fda84a9262785?s=96&d=mm&r=g","height":96,"width":96}},"publisher":{"@type":"Organization","name":"soriano.cz","logo":{"@type":"ImageObject","@id":"\/logo.png","url":"\/logo.png","width":600,"height":60}},"image":{"@type":"ImageObject","@id":"https:\/\/www.soriano.cz\/wp-content\/uploads\/img_a340176_w2203_t1553189268.jpg","url":"https:\/\/www.soriano.cz\/wp-content\/uploads\/img_a340176_w2203_t1553189268.jpg","height":0,"width":0},"keywords":null},{"@type":"Article","@id":"https:\/\/www.soriano.cz\/vazime-si-svych-kocicich-pratel\/","headline":"V\u00e1\u017e\u00edme si sv\u00fdch ko\u010di\u010d\u00edch p\u0159\u00e1tel?","url":"https:\/\/www.soriano.cz\/vazime-si-svych-kocicich-pratel\/","datePublished":"2019-01-24","dateModified":"2023-05-01","mainEntityOfPage":"https:\/\/www.soriano.cz\/vazime-si-svych-kocicich-pratel\/","author":{"@type":"Person","@id":"https:\/\/www.soriano.cz\/author\/#Person","name":"soriano.cz\n","url":"https:\/\/www.soriano.cz\/author\/","identifier":1,"image":{"@type":"ImageObject","@id":"https:\/\/secure.gravatar.com\/avatar\/d377e0490a87620b11de21ad8824e89a7cfe705f8d1d0508828fda84a9262785?s=96&d=mm&r=g","url":"https:\/\/secure.gravatar.com\/avatar\/d377e0490a87620b11de21ad8824e89a7cfe705f8d1d0508828fda84a9262785?s=96&d=mm&r=g","height":96,"width":96}},"publisher":{"@type":"Organization","name":"soriano.cz","logo":{"@type":"ImageObject","@id":"\/logo.png","url":"\/logo.png","width":600,"height":60}},"image":{"@type":"ImageObject","@id":"https:\/\/www.soriano.cz\/wp-content\/uploads\/img_a335098_w2203_t1548525550.jpg","url":"https:\/\/www.soriano.cz\/wp-content\/uploads\/img_a335098_w2203_t1548525550.jpg","height":0,"width":0},"keywords":null},{"@type":"Article","@id":"https:\/\/www.soriano.cz\/laska-je-jako-kvetina\/","headline":"L\u00e1ska je jako kv\u011btina","url":"https:\/\/www.soriano.cz\/laska-je-jako-kvetina\/","datePublished":"2018-11-10","dateModified":"2023-05-01","mainEntityOfPage":"https:\/\/www.soriano.cz\/laska-je-jako-kvetina\/","author":{"@type":"Person","@id":"https:\/\/www.soriano.cz\/author\/#Person","name":"soriano.cz\n","url":"https:\/\/www.soriano.cz\/author\/","identifier":1,"image":{"@type":"ImageObject","@id":"https:\/\/secure.gravatar.com\/avatar\/d377e0490a87620b11de21ad8824e89a7cfe705f8d1d0508828fda84a9262785?s=96&d=mm&r=g","url":"https:\/\/secure.gravatar.com\/avatar\/d377e0490a87620b11de21ad8824e89a7cfe705f8d1d0508828fda84a9262785?s=96&d=mm&r=g","height":96,"width":96}},"publisher":{"@type":"Organization","name":"soriano.cz","logo":{"@type":"ImageObject","@id":"\/logo.png","url":"\/logo.png","width":600,"height":60}},"image":{"@type":"ImageObject","@id":"https:\/\/www.soriano.cz\/wp-content\/uploads\/img_a330604_w2203_t1543095779.jpg","url":"https:\/\/www.soriano.cz\/wp-content\/uploads\/img_a330604_w2203_t1543095779.jpg","height":0,"width":0},"keywords":null}]}