[{"@context":"https:\/\/schema.org\/","@type":"Article","@id":"https:\/\/www.soriano.cz\/jak-prezit-letni-vedra\/#Article","mainEntityOfPage":"https:\/\/www.soriano.cz\/jak-prezit-letni-vedra\/","headline":"Jak p\u0159e\u017e\u00edt letn\u00ed vedra","name":"Jak p\u0159e\u017e\u00edt letn\u00ed vedra","description":"B\u011bhem l\u00e9ta jsou u n\u00e1s zcela b\u011b\u017en\u00e9 i teploty nad 30 stup\u0148\u016f, co\u017e m\u016f\u017ee b\u00fdt pro \u010dlov\u011bka i nebezpe\u010dn\u00e9. B\u011bhem","datePublished":"2023-07-21","dateModified":"2023-09-27","author":{"@type":"Person","@id":"https:\/\/www.soriano.cz\/author\/#Person","name":"soriano.cz\n","url":"https:\/\/www.soriano.cz\/author\/","identifier":1,"image":{"@type":"ImageObject","@id":"https:\/\/secure.gravatar.com\/avatar\/d377e0490a87620b11de21ad8824e89a7cfe705f8d1d0508828fda84a9262785?s=96&d=mm&r=g","url":"https:\/\/secure.gravatar.com\/avatar\/d377e0490a87620b11de21ad8824e89a7cfe705f8d1d0508828fda84a9262785?s=96&d=mm&r=g","height":96,"width":96}},"publisher":{"@type":"Organization","name":"soriano.cz","logo":{"@type":"ImageObject","@id":"\/logo.png","url":"\/logo.png","width":600,"height":60}},"image":{"@type":"ImageObject","@id":"https:\/\/www.soriano.cz\/wp-content\/uploads\/summer-842140_640(1)_10_4.jpg","url":"https:\/\/www.soriano.cz\/wp-content\/uploads\/summer-842140_640(1)_10_4.jpg","height":0,"width":0},"url":"https:\/\/www.soriano.cz\/jak-prezit-letni-vedra\/","about":["Business"],"wordCount":420,"articleBody":"   B\u011bhem l\u00e9ta jsou u n\u00e1s zcela b\u011b\u017en\u00e9 i teploty nad 30 stup\u0148\u016f, co\u017e m\u016f\u017ee b\u00fdt pro \u010dlov\u011bka i nebezpe\u010dn\u00e9. B\u011bhem nejv\u011bt\u0161\u00edch veder by lid\u00e9 nem\u011bli chodit ven, ale bohu\u017eel zam\u011bstn\u00e1n\u00ed nepo\u010dk\u00e1. P\u0159e\u017e\u00edt vysok\u00e9 teploty se d\u00e1 r\u016fzn\u011b. Instalovat si dom\u016f klimatizaci, venkovn\u00ed \u017ealuzie \u010di rolety, a pokud m\u00e1te jen ty klasick\u00e9, je dobr\u00e9 m\u00edt i je p\u0159es den zata\u017een\u00e9. N\u011bkdy pom\u00e1haj\u00ed i namo\u010den\u00e9 ru\u010dn\u00edky v oknech. V\u011btrat by se m\u011blo jen brzy r\u00e1no, ve\u010der a p\u0159es noc. V\u011btr\u00e1ky jsou samoz\u0159ejmost\u00ed. Je p\u0159ekvapen\u00edm, \u017ee by se n\u011bmky p\u0159\u00edli\u0161 konzumovat studen\u00e9 n\u00e1poje, proto\u017ee zvy\u0161uj\u00ed riziko vzniku ang\u00edny a podobn\u00fdch onemocn\u011bn\u00ed.Nejlep\u0161\u00ed variantou je m\u00edt doma baz\u00e9n. Majitel\u00e9 rodinn\u00fdch domk\u016f maj\u00ed v\u011bt\u0161inou i kousek pozemku, a jestli je to i v\u00e1\u0161 p\u0159\u00edpad, m\u016f\u017eete si po\u0159\u00eddit sv\u016fj vlastn\u00ed baz\u00e9n. V dne\u0161n\u00ed dob\u011b je na trh spousta baz\u00e9n\u016f. Jejich ceny se li\u0161\u00ed podle materi\u00e1lu, velikosti, typu a v\u00fdrobce. My jsme v\u00fdrobci baz\u00e9n\u016f ze speci\u00e1ln\u00edho plastu, kter\u00fd zvl\u00e1dne odolat jak\u00e9mukoliv po\u010das\u00ed. M\u016f\u017eete si vybrat jestli v\u00e1m bude vyhovovat sp\u00ed\u0161e baz\u00e9n na povrchu pozemku a nebo zapu\u0161t\u011bn\u00fd. Ty jsou popul\u00e1rn\u011bj\u0161\u00ed, proto\u017ee nezasahuj\u00ed do vzhledu pozemku. Jsou prakti\u010dt\u011bj\u0161\u00ed a vypadaj\u00ed l\u00e9pe.I v\u00e1\u0161 dom\u00e1c\u00ed baz\u00e9n v\u00e1m poskytne osv\u011b\u017een\u00ed, kter\u00e9 b\u011bhem l\u00e9ta pot\u0159ebujete. Pokud jste si vybrali zapu\u0161t\u011bn\u00fd baz\u00e9n, asi budete pot\u0159ebovat v\u011bd\u011bt nejen jak prob\u00edh\u00e1 \u00fadr\u017eba baz\u00e9nu, ale tak\u00e9 jak\u00e1 je za zapu\u0161t\u011bn\u00fd baz\u00e9n cena. Podle velikosti baz\u00e9nu a jeho tvaru cena za\u010d\u00edn\u00e1 na m\u00e9n\u011b ne\u017e 60 tis\u00edc\u00edch korun. Pokud byste cht\u011bli p\u0159elivov\u00fd baz\u00e9n, ten za\u010d\u00edn\u00e1 na 100 tis\u00edc\u00edch korun. Kompletn\u00ed nab\u00eddku baz\u00e9n\u016f v\u010detn\u011b rozm\u011br\u016f a p\u0159\u00edslu\u0161enstv\u00ed najdete na na\u0161em webu.Na co ur\u010dit\u011b nezapomenout Pokud m\u00e1te doma mal\u00e9 d\u011bti a nebo zv\u00ed\u0159ata, ur\u010dit\u011b baz\u00e9n vybavte bezpe\u010dnostn\u00ed plachtou, po kter\u00e9 je mo\u017en\u00e9 chodit, ale pod ni se nic nedostane. Je d\u016fle\u017eit\u00e9 myslet na bezpe\u010dnost v\u0161ech kte\u0159\u00ed se okolo baz\u00e9nu pohybuj\u00ed.                                                                                                                                                                                                                                                                                                                                                                                          3.9\/5 - (9 votes)        "},{"@context":"https:\/\/schema.org\/","@type":"BreadcrumbList","itemListElement":[{"@type":"ListItem","position":1,"name":"Jak p\u0159e\u017e\u00edt letn\u00ed vedra","item":"https:\/\/www.soriano.cz\/jak-prezit-letni-vedra\/#breadcrumbitem"}]}]