[{"@context":"https:\/\/schema.org\/","@type":"Article","@id":"https:\/\/www.soriano.cz\/je-nejvyssi-cas-myslet-na-zimni-dovolenou\/#Article","mainEntityOfPage":"https:\/\/www.soriano.cz\/je-nejvyssi-cas-myslet-na-zimni-dovolenou\/","headline":"Je nejvy\u0161\u0161\u00ed \u010das myslet na zimn\u00ed dovolenou","name":"Je nejvy\u0161\u0161\u00ed \u010das myslet na zimn\u00ed dovolenou","description":"Nejvy\u0161\u0161\u00ed \u010das myslet na zimn\u00ed dovolenou! Sice n\u00e1s v sou\u010dasn\u00e9 dob\u011b prov\u00e1zej\u00ed r\u016fzn\u00e1 nepopul\u00e1rn\u00ed vl\u00e1dn\u00ed na\u0159\u00edzen\u00ed, ale pokud m\u00e1te tu","datePublished":"2021-10-23","dateModified":"2021-10-23","author":{"@type":"Person","@id":"https:\/\/www.soriano.cz\/author\/#Person","name":"soriano.cz\n","url":"https:\/\/www.soriano.cz\/author\/","identifier":1,"image":{"@type":"ImageObject","@id":"https:\/\/secure.gravatar.com\/avatar\/d377e0490a87620b11de21ad8824e89a7cfe705f8d1d0508828fda84a9262785?s=96&d=mm&r=g","url":"https:\/\/secure.gravatar.com\/avatar\/d377e0490a87620b11de21ad8824e89a7cfe705f8d1d0508828fda84a9262785?s=96&d=mm&r=g","height":96,"width":96}},"publisher":{"@type":"Organization","name":"soriano.cz","logo":{"@type":"ImageObject","@id":"\/logo.png","url":"\/logo.png","width":600,"height":60}},"image":{"@type":"ImageObject","@id":"https:\/\/www.soriano.cz\/wp-content\/uploads\/ski-932188__340.jpg","url":"https:\/\/www.soriano.cz\/wp-content\/uploads\/ski-932188__340.jpg","height":0,"width":0},"url":"https:\/\/www.soriano.cz\/je-nejvyssi-cas-myslet-na-zimni-dovolenou\/","about":["Business"],"wordCount":420,"articleBody":"     Nejvy\u0161\u0161\u00ed \u010das myslet na zimn\u00ed dovolenou!Sice n\u00e1s v sou\u010dasn\u00e9 dob\u011b prov\u00e1zej\u00ed r\u016fzn\u00e1 nepopul\u00e1rn\u00ed vl\u00e1dn\u00ed na\u0159\u00edzen\u00ed, ale pokud m\u00e1te tu mo\u017enost vycestovat a nic v\u00e1m ani va\u0161\u00ed rodin\u011b v tom nebr\u00e1n\u00ed, doporu\u010dujeme si ji\u017e nyn\u00ed zarezervovat ubytov\u00e1n\u00ed \u010derven\u00e1 voda Hpapartmany zimn\u00ed dovolenou. Dovolen\u00e1 je velmi \u017e\u00e1douc\u00ed a pot\u0159ebn\u00e1, proto\u017ee jsme zpravidla unaven\u00ed a vy\u010derpan\u00ed z \u00fakol\u016f, kter\u00e9 na n\u00e1s vrstv\u00ed zam\u011bstnavatel, z neut\u011b\u0161en\u00e9 n\u00e1lady ve spole\u010dnosti a ob\u00e1v\u00e1me se o zdrav\u00ed na\u0161ich bl\u00edzk\u00fdch.Odpo\u010di\u0148te si proto se svou rodinou a vyje\u010fte do horsk\u00e9ho are\u00e1lu Ski resortu Bukov\u00e1 hora, kter\u00e1 v\u00e1m nab\u00edz\u00ed pln\u00fdmi hrstmi to nejlep\u0161\u00ed, co m\u016f\u017eete na Doln\u00ed Morav\u011b za\u017e\u00edt a nal\u00e9zt. Apartm\u00e1ny jsou velmi modern\u011b vybaven\u00e9 a kdo d\u0159\u00edve p\u0159ijde \u2026 zn\u00e1te to pokra\u010dov\u00e1n\u00ed. Zamezte tomu, \u017ee v zim\u011b nebudete m\u00edt kam s rodinou vycestovat a za\u017e\u00edt spole\u010dn\u011b radost z ly\u017eov\u00e1n\u00ed a b\u011b\u017ekov\u00e1n\u00ed, koulov\u00e1n\u00ed a ze zimn\u00edch radov\u00e1nek. Nen\u00ed t\u0159eba z\u016fst\u00e1vat doma, kdy\u017e to nen\u00ed pot\u0159eba, zvedn\u011bte kotvy a doplujte na vln\u00e1ch o\u010dek\u00e1v\u00e1n\u00ed za relaxa\u010dn\u00edm a sportovn\u00edm vy\u017eit\u00edm do Ski resortu Bukov\u00e1 hora. Apartm\u00e1ny v\u00e1s p\u0159ekvap\u00ed svou kompletn\u011b vybavenou kuchy\u0148kou, vlastn\u00ed venkovn\u00ed terasou, samoz\u0159ejmost\u00ed je vlastn\u00ed soci\u00e1ln\u00ed za\u0159\u00edzen\u00ed. Ubytov\u00e1ni budete p\u0159\u00edmo u sjezdovky, tak co v\u00edc si p\u0159\u00e1t??Pokud budete unaveni po celodenn\u00edm ly\u017eov\u00e1n\u00ed, pak se v\u00e1m nab\u00edz\u00ed spousta dal\u0161\u00edch z\u00e1\u017eitk\u016f, kdy m\u016f\u017eete vyrazit do p\u0159\u00edrodn\u00edho parku Kralick\u00fd Sn\u011b\u017en\u00edk, vy\u0161lapat si na vrchol hory Prad\u011bdu a i \u0160er\u00e1ku. Nebudete litovat, kdy\u017e rodinku pozvete na v\u00fdlet na rozhlednu Such\u00fd vrch, ze kter\u00e9 je b\u00e1je\u010dn\u00fd v\u00fdhled na okol\u00ed. D\u011bti miluj\u00ed stezky v oblac\u00edch, i tu najdete v bl\u00edzk\u00e9m okol\u00ed. Chcete se v zim\u011b zah\u0159\u00e1t? A nemus\u00ed to b\u00fdt jen horsk\u00fd grog nebo v\u00fdte\u010dn\u00fd vo\u0148av\u00fd pun\u010d. Doporu\u010d\u00edme v\u00e1m, krom\u011b hork\u00fdch n\u00e1poj\u016f, nav\u0161t\u00edvit b\u00e1je\u010dn\u00e9 term\u00e1ln\u00ed l\u00e1zn\u011b Losiny. A v\u011b\u0159te, \u017ee se tam tak\u00e9 dostate\u010dn\u011b zah\u0159ejete a proh\u0159ejete natolik, \u017ee se v\u00e1m z tepl\u00e9 vody ani nebude cht\u00edt vyl\u00e9zat \u2026                                                                                                                                                                                                                                                                                                                                                                                         4\/5 - (7 votes)        "},{"@context":"https:\/\/schema.org\/","@type":"BreadcrumbList","itemListElement":[{"@type":"ListItem","position":1,"name":"Je nejvy\u0161\u0161\u00ed \u010das myslet na zimn\u00ed dovolenou","item":"https:\/\/www.soriano.cz\/je-nejvyssi-cas-myslet-na-zimni-dovolenou\/#breadcrumbitem"}]}]